{"id":3296,"date":"2025-08-15T22:19:11","date_gmt":"2025-08-15T20:19:11","guid":{"rendered":"https:\/\/weingut-ehrhart.de\/?p=3296"},"modified":"2025-08-25T22:23:10","modified_gmt":"2025-08-25T20:23:10","slug":"gutsausschank-2025","status":"publish","type":"post","link":"https:\/\/weingut-ehrhart.de\/en\/gutsausschank-2025\/","title":{"rendered":"Gutsausschank ge\u00f6ffnet: Freitag-Montag (05.09.-19.10.2025)"},"content":{"rendered":"<p style=\"text-align: left;\">Im September und Oktober freuen wir uns darauf, Sie in unserem Gutsausschank zu sehen. Genie\u00dfen Sie eine kleine Auszeit bei uns im Hof oder in unserer Gaststube bei einem guten Glas von unseren Weinen sowie unserer pf\u00e4lzischen K\u00fcche.<\/p>\n<p style=\"text-align: left;\">In den Wochen vom <strong>05. September bis zum 19. Oktober<\/strong> haben wir von <strong>Freitag bis Montag von 12 bis 22 Uhr<\/strong> ge\u00f6ffnet.<br \/>\n(Die K\u00fcche schlie\u00dft 20 Uhr; \u00d6ffnungszeitenausnahme: Am 05.09. \u00f6ffnen wir erst 17 Uhr)<\/p>\n<p>Traditionell gibt es zum <strong>Er\u00f6ffnungswochenende<\/strong> wieder unseren k\u00f6stlichen <strong>Rebknorzenspie\u00df<\/strong>: <strong>Freitag 05.09. ab 17 Uhr<\/strong>; Samstag 06.09. und Sonntag 07.09. jeweils ab 12 Uhr.<\/p>\n<p style=\"text-align: left;\">Wir freuen uns, Sie bei uns zu sehen!<br \/>\nIhre Familie Ehrhart<\/p>\n<p style=\"text-align: left;\"><strong>Tischreservierungen nehmen wir gerne telefonisch oder per E-Mail entgegen:<br \/>\n<\/strong>Tel.: 06345 7474<br \/>\nMail: mail@weingut-ehrhart.de<\/p>\n","protected":false},"excerpt":{"rendered":"<p>Im September und Oktober freuen wir uns darauf, Sie in unserem Gutsausschank zu sehen. Genie\u00dfen Sie eine kleine Auszeit bei uns im Hof oder in unserer Gaststube bei einem guten Glas von unseren Weinen sowie unserer pf\u00e4lzischen K\u00fcche. In den Wochen vom 05. September bis zum 19. Oktober haben wir von Freitag bis Montag von [&hellip;]<\/p>\n","protected":false},"author":6,"featured_media":3292,"comment_status":"closed","ping_status":"open","sticky":false,"template":"","format":"standard","meta":[],"categories":[40,53],"tags":[],"yoast_head":"<!-- This site is optimized with the Yoast SEO plugin v19.7.2 - https:\/\/yoast.com\/wordpress\/plugins\/seo\/ -->\n<title>Gutsausschank ge\u00f6ffnet: Freitag-Montag (05.09.-19.10.2025) &bull; Bioweingut Ehrhart<\/title>\n<meta name=\"robots\" content=\"index, follow, max-snippet:-1, max-image-preview:large, max-video-preview:-1\" \/>\n<link rel=\"canonical\" href=\"https:\/\/weingut-ehrhart.de\/gutsausschank-2025\/\" \/>\n<meta property=\"og:locale\" content=\"en_US\" \/>\n<meta property=\"og:type\" content=\"article\" \/>\n<meta property=\"og:title\" content=\"Gutsausschank ge\u00f6ffnet: Freitag-Montag (05.09.-19.10.2025) &bull; Bioweingut Ehrhart\" \/>\n<meta property=\"og:description\" content=\"Im September und Oktober freuen wir uns darauf, Sie in unserem Gutsausschank zu sehen. Genie\u00dfen Sie eine kleine Auszeit bei uns im Hof oder in unserer Gaststube bei einem guten Glas von unseren Weinen sowie unserer pf\u00e4lzischen K\u00fcche. In den Wochen vom 05. September bis zum 19. Oktober haben wir von Freitag bis Montag von [&hellip;]\" \/>\n<meta property=\"og:url\" content=\"https:\/\/weingut-ehrhart.de\/gutsausschank-2025\/\" \/>\n<meta property=\"og:site_name\" content=\"Bioweingut Ehrhart\" \/>\n<meta property=\"article:published_time\" content=\"2025-08-15T20:19:11+00:00\" \/>\n<meta property=\"article:modified_time\" content=\"2025-08-25T20:23:10+00:00\" \/>\n<meta property=\"og:image\" content=\"https:\/\/weingut-ehrhart.de\/wp-content\/uploads\/2025\/08\/Weinglas-Bistrot-Frankreich.jpg\" \/>\n\t<meta property=\"og:image:width\" content=\"1200\" \/>\n\t<meta property=\"og:image:height\" content=\"1600\" \/>\n\t<meta property=\"og:image:type\" content=\"image\/jpeg\" \/>\n<meta name=\"author\" content=\"Weingut Ehrhart\" \/>\n<meta name=\"twitter:card\" content=\"summary_large_image\" \/>\n<meta name=\"twitter:label1\" content=\"Written by\" \/>\n\t<meta name=\"twitter:data1\" content=\"Weingut Ehrhart\" \/>\n\t<meta name=\"twitter:label2\" content=\"Est. reading time\" \/>\n\t<meta name=\"twitter:data2\" content=\"1 minute\" \/>\n<script type=\"application\/ld+json\" class=\"yoast-schema-graph\">{\"@context\":\"https:\/\/schema.org\",\"@graph\":[{\"@type\":\"WebPage\",\"@id\":\"https:\/\/weingut-ehrhart.de\/gutsausschank-2025\/\",\"url\":\"https:\/\/weingut-ehrhart.de\/gutsausschank-2025\/\",\"name\":\"Gutsausschank ge\u00f6ffnet: Freitag-Montag (05.09.-19.10.2025) &bull; Bioweingut Ehrhart\",\"isPartOf\":{\"@id\":\"https:\/\/weingut-ehrhart.de\/#website\"},\"datePublished\":\"2025-08-15T20:19:11+00:00\",\"dateModified\":\"2025-08-25T20:23:10+00:00\",\"author\":{\"@id\":\"https:\/\/weingut-ehrhart.de\/#\/schema\/person\/7345bf038cef42fbe2087599fba77d77\"},\"breadcrumb\":{\"@id\":\"https:\/\/weingut-ehrhart.de\/gutsausschank-2025\/#breadcrumb\"},\"inLanguage\":\"en-US\",\"potentialAction\":[{\"@type\":\"ReadAction\",\"target\":[\"https:\/\/weingut-ehrhart.de\/gutsausschank-2025\/\"]}]},{\"@type\":\"BreadcrumbList\",\"@id\":\"https:\/\/weingut-ehrhart.de\/gutsausschank-2025\/#breadcrumb\",\"itemListElement\":[{\"@type\":\"ListItem\",\"position\":1,\"name\":\"Startseite\",\"item\":\"https:\/\/weingut-ehrhart.de\/en\/\"},{\"@type\":\"ListItem\",\"position\":2,\"name\":\"Gutsausschank ge\u00f6ffnet: Freitag-Montag (05.09.-19.10.2025)\"}]},{\"@type\":\"WebSite\",\"@id\":\"https:\/\/weingut-ehrhart.de\/#website\",\"url\":\"https:\/\/weingut-ehrhart.de\/\",\"name\":\"Bioweingut Ehrhart\",\"description\":\"\",\"potentialAction\":[{\"@type\":\"SearchAction\",\"target\":{\"@type\":\"EntryPoint\",\"urlTemplate\":\"https:\/\/weingut-ehrhart.de\/?s={search_term_string}\"},\"query-input\":\"required name=search_term_string\"}],\"inLanguage\":\"en-US\"},{\"@type\":\"Person\",\"@id\":\"https:\/\/weingut-ehrhart.de\/#\/schema\/person\/7345bf038cef42fbe2087599fba77d77\",\"name\":\"Weingut Ehrhart\",\"image\":{\"@type\":\"ImageObject\",\"inLanguage\":\"en-US\",\"@id\":\"https:\/\/weingut-ehrhart.de\/#\/schema\/person\/image\/\",\"url\":\"https:\/\/secure.gravatar.com\/avatar\/17a3ee02f2dca8b5c9b082409737ef6d?s=96&d=mm&r=g\",\"contentUrl\":\"https:\/\/secure.gravatar.com\/avatar\/17a3ee02f2dca8b5c9b082409737ef6d?s=96&d=mm&r=g\",\"caption\":\"Weingut Ehrhart\"},\"url\":\"https:\/\/weingut-ehrhart.de\/en\/author\/ehrhart\/\"}]}<\/script>\n<!-- \/ Yoast SEO plugin. -->","yoast_head_json":{"title":"Gutsausschank ge\u00f6ffnet: Freitag-Montag (05.09.-19.10.2025) &bull; Bioweingut Ehrhart","robots":{"index":"index","follow":"follow","max-snippet":"max-snippet:-1","max-image-preview":"max-image-preview:large","max-video-preview":"max-video-preview:-1"},"canonical":"https:\/\/weingut-ehrhart.de\/gutsausschank-2025\/","og_locale":"en_US","og_type":"article","og_title":"Gutsausschank ge\u00f6ffnet: Freitag-Montag (05.09.-19.10.2025) &bull; Bioweingut Ehrhart","og_description":"Im September und Oktober freuen wir uns darauf, Sie in unserem Gutsausschank zu sehen. Genie\u00dfen Sie eine kleine Auszeit bei uns im Hof oder in unserer Gaststube bei einem guten Glas von unseren Weinen sowie unserer pf\u00e4lzischen K\u00fcche. In den Wochen vom 05. September bis zum 19. Oktober haben wir von Freitag bis Montag von [&hellip;]","og_url":"https:\/\/weingut-ehrhart.de\/gutsausschank-2025\/","og_site_name":"Bioweingut Ehrhart","article_published_time":"2025-08-15T20:19:11+00:00","article_modified_time":"2025-08-25T20:23:10+00:00","og_image":[{"width":1200,"height":1600,"url":"https:\/\/weingut-ehrhart.de\/wp-content\/uploads\/2025\/08\/Weinglas-Bistrot-Frankreich.jpg","type":"image\/jpeg"}],"author":"Weingut Ehrhart","twitter_card":"summary_large_image","twitter_misc":{"Written by":"Weingut Ehrhart","Est. reading time":"1 minute"},"schema":{"@context":"https:\/\/schema.org","@graph":[{"@type":"WebPage","@id":"https:\/\/weingut-ehrhart.de\/gutsausschank-2025\/","url":"https:\/\/weingut-ehrhart.de\/gutsausschank-2025\/","name":"Gutsausschank ge\u00f6ffnet: Freitag-Montag (05.09.-19.10.2025) &bull; Bioweingut Ehrhart","isPartOf":{"@id":"https:\/\/weingut-ehrhart.de\/#website"},"datePublished":"2025-08-15T20:19:11+00:00","dateModified":"2025-08-25T20:23:10+00:00","author":{"@id":"https:\/\/weingut-ehrhart.de\/#\/schema\/person\/7345bf038cef42fbe2087599fba77d77"},"breadcrumb":{"@id":"https:\/\/weingut-ehrhart.de\/gutsausschank-2025\/#breadcrumb"},"inLanguage":"en-US","potentialAction":[{"@type":"ReadAction","target":["https:\/\/weingut-ehrhart.de\/gutsausschank-2025\/"]}]},{"@type":"BreadcrumbList","@id":"https:\/\/weingut-ehrhart.de\/gutsausschank-2025\/#breadcrumb","itemListElement":[{"@type":"ListItem","position":1,"name":"Startseite","item":"https:\/\/weingut-ehrhart.de\/en\/"},{"@type":"ListItem","position":2,"name":"Gutsausschank ge\u00f6ffnet: Freitag-Montag (05.09.-19.10.2025)"}]},{"@type":"WebSite","@id":"https:\/\/weingut-ehrhart.de\/#website","url":"https:\/\/weingut-ehrhart.de\/","name":"Bioweingut Ehrhart","description":"","potentialAction":[{"@type":"SearchAction","target":{"@type":"EntryPoint","urlTemplate":"https:\/\/weingut-ehrhart.de\/?s={search_term_string}"},"query-input":"required name=search_term_string"}],"inLanguage":"en-US"},{"@type":"Person","@id":"https:\/\/weingut-ehrhart.de\/#\/schema\/person\/7345bf038cef42fbe2087599fba77d77","name":"Weingut Ehrhart","image":{"@type":"ImageObject","inLanguage":"en-US","@id":"https:\/\/weingut-ehrhart.de\/#\/schema\/person\/image\/","url":"https:\/\/secure.gravatar.com\/avatar\/17a3ee02f2dca8b5c9b082409737ef6d?s=96&d=mm&r=g","contentUrl":"https:\/\/secure.gravatar.com\/avatar\/17a3ee02f2dca8b5c9b082409737ef6d?s=96&d=mm&r=g","caption":"Weingut Ehrhart"},"url":"https:\/\/weingut-ehrhart.de\/en\/author\/ehrhart\/"}]}},"_links":{"self":[{"href":"https:\/\/weingut-ehrhart.de\/en\/wp-json\/wp\/v2\/posts\/3296"}],"collection":[{"href":"https:\/\/weingut-ehrhart.de\/en\/wp-json\/wp\/v2\/posts"}],"about":[{"href":"https:\/\/weingut-ehrhart.de\/en\/wp-json\/wp\/v2\/types\/post"}],"author":[{"embeddable":true,"href":"https:\/\/weingut-ehrhart.de\/en\/wp-json\/wp\/v2\/users\/6"}],"replies":[{"embeddable":true,"href":"https:\/\/weingut-ehrhart.de\/en\/wp-json\/wp\/v2\/comments?post=3296"}],"version-history":[{"count":3,"href":"https:\/\/weingut-ehrhart.de\/en\/wp-json\/wp\/v2\/posts\/3296\/revisions"}],"predecessor-version":[{"id":3314,"href":"https:\/\/weingut-ehrhart.de\/en\/wp-json\/wp\/v2\/posts\/3296\/revisions\/3314"}],"wp:featuredmedia":[{"embeddable":true,"href":"https:\/\/weingut-ehrhart.de\/en\/wp-json\/wp\/v2\/media\/3292"}],"wp:attachment":[{"href":"https:\/\/weingut-ehrhart.de\/en\/wp-json\/wp\/v2\/media?parent=3296"}],"wp:term":[{"taxonomy":"category","embeddable":true,"href":"https:\/\/weingut-ehrhart.de\/en\/wp-json\/wp\/v2\/categories?post=3296"},{"taxonomy":"post_tag","embeddable":true,"href":"https:\/\/weingut-ehrhart.de\/en\/wp-json\/wp\/v2\/tags?post=3296"}],"curies":[{"name":"wp","href":"https:\/\/api.w.org\/{rel}","templated":true}]}}