{"id":2010,"date":"2020-01-15T18:19:29","date_gmt":"2020-01-15T17:19:29","guid":{"rendered":"https:\/\/weingut-ehrhart.de\/?p=2010"},"modified":"2020-02-25T20:02:51","modified_gmt":"2020-02-25T19:02:51","slug":"jahresrueckblick_2019","status":"publish","type":"post","link":"https:\/\/weingut-ehrhart.de\/en\/jahresrueckblick_2019\/","title":{"rendered":"Jahresr\u00fcckblick 2019"},"content":{"rendered":"<p>Nun ist wieder ein Jahr vorbei und ein neues Jahr, mit neuen Vorhaben steht an. Doch zun\u00e4chst wollen wir zur\u00fcckblicken auf die vergangenen 12 Monate.<\/p>\n<p>Das Jahr 2019 begannen wir mit dem allj\u00e4hrlichen Rebschnitt. Das bedeutet, dass wir im Januar und Februar bei jeder einzelnen Rebpflanze die Triebe eingek\u00fcrzt haben, sodass f\u00fcr die Saison 2019 nur noch eine Fruchtrute verblieben ist. Den Rebschnitt macht jeder Winzer. Die Anzahl der verbleibenden Triebe ist jedoch verschieden. Wir reduzieren auf einen einzigen Trieb. Das sind bei uns schon die ersten Ma\u00dfnahmen zur Ertragsreduzierung, um so die Pr\u00e4zision der Frucht zu erh\u00f6hen.<\/p>\n<p><img loading=\"lazy\" class=\"alignnone wp-image-2028\" src=\"https:\/\/weingut-ehrhart.de\/wp-content\/uploads\/2020\/02\/Jahresr\u00fcckblick_01-300x225.jpg\" alt=\"\" width=\"250\" height=\"188\" srcset=\"https:\/\/weingut-ehrhart.de\/wp-content\/uploads\/2020\/02\/Jahresr\u00fcckblick_01-300x225.jpg 300w, https:\/\/weingut-ehrhart.de\/wp-content\/uploads\/2020\/02\/Jahresr\u00fcckblick_01-1024x768.jpg 1024w, https:\/\/weingut-ehrhart.de\/wp-content\/uploads\/2020\/02\/Jahresr\u00fcckblick_01-768x576.jpg 768w, https:\/\/weingut-ehrhart.de\/wp-content\/uploads\/2020\/02\/Jahresr\u00fcckblick_01-1536x1152.jpg 1536w, https:\/\/weingut-ehrhart.de\/wp-content\/uploads\/2020\/02\/Jahresr\u00fcckblick_01.jpg 1600w\" sizes=\"(max-width: 250px) 100vw, 250px\" \/><\/p>\n<p>In den Wintermonaten steht au\u00dferdem die spannende Aufgabe an, die 2018er Jahrg\u00e4nge zu probieren sowie die Gutsweine zu cuve\u00e9tieren und schlie\u00dflich zu f\u00fcllen. Unseren Lagenweinen haben wir noch bis Mai Zeit auf der Hefe gegeben. Danach haben wir auch diese cuve\u00e9tiert und gef\u00fcllt. Darunter waren auch zwei neue Lagenweine: der Eschbach Hasen Chardonnay sowie der Leinsweiler Sonnenberg Weissburgunder. Wir waren sehr zufrieden mit dem Ergebnis und stolz auf die neuen Kreationen. Dass unsere neuen Jahrg\u00e4nge auch noch die Aufmerksamkeit von renommierten Weinf\u00fchrern erhalten sollten, ahnten wir zu diesem Zeitpunkt aber noch nicht. Aber dazu sp\u00e4ter mehr&#8230;<\/p>\n<p><img loading=\"lazy\" class=\"alignnone wp-image-2024\" src=\"https:\/\/weingut-ehrhart.de\/wp-content\/uploads\/2020\/02\/Jahresr\u00fcckblick_13-300x225.jpg\" alt=\"\" width=\"250\" height=\"188\" srcset=\"https:\/\/weingut-ehrhart.de\/wp-content\/uploads\/2020\/02\/Jahresr\u00fcckblick_13-300x225.jpg 300w, https:\/\/weingut-ehrhart.de\/wp-content\/uploads\/2020\/02\/Jahresr\u00fcckblick_13-1024x768.jpg 1024w, https:\/\/weingut-ehrhart.de\/wp-content\/uploads\/2020\/02\/Jahresr\u00fcckblick_13-768x576.jpg 768w, https:\/\/weingut-ehrhart.de\/wp-content\/uploads\/2020\/02\/Jahresr\u00fcckblick_13-1536x1152.jpg 1536w, https:\/\/weingut-ehrhart.de\/wp-content\/uploads\/2020\/02\/Jahresr\u00fcckblick_13-2048x1536.jpg 2048w\" sizes=\"(max-width: 250px) 100vw, 250px\" \/>\u00a0<img loading=\"lazy\" class=\"alignnone wp-image-2025\" src=\"https:\/\/weingut-ehrhart.de\/wp-content\/uploads\/2020\/02\/Jahresr\u00fcckblick_02-300x225.jpg\" alt=\"\" width=\"250\" height=\"188\" srcset=\"https:\/\/weingut-ehrhart.de\/wp-content\/uploads\/2020\/02\/Jahresr\u00fcckblick_02-300x225.jpg 300w, https:\/\/weingut-ehrhart.de\/wp-content\/uploads\/2020\/02\/Jahresr\u00fcckblick_02-1024x768.jpg 1024w, https:\/\/weingut-ehrhart.de\/wp-content\/uploads\/2020\/02\/Jahresr\u00fcckblick_02-768x576.jpg 768w, https:\/\/weingut-ehrhart.de\/wp-content\/uploads\/2020\/02\/Jahresr\u00fcckblick_02-1536x1152.jpg 1536w, https:\/\/weingut-ehrhart.de\/wp-content\/uploads\/2020\/02\/Jahresr\u00fcckblick_02.jpg 1600w\" sizes=\"(max-width: 250px) 100vw, 250px\" \/> <img loading=\"lazy\" class=\"alignnone wp-image-2030\" src=\"https:\/\/weingut-ehrhart.de\/wp-content\/uploads\/2020\/02\/Jahresr\u00fcckblick_03-300x225.jpeg\" alt=\"\" width=\"250\" height=\"188\" srcset=\"https:\/\/weingut-ehrhart.de\/wp-content\/uploads\/2020\/02\/Jahresr\u00fcckblick_03-300x225.jpeg 300w, https:\/\/weingut-ehrhart.de\/wp-content\/uploads\/2020\/02\/Jahresr\u00fcckblick_03-1024x768.jpeg 1024w, https:\/\/weingut-ehrhart.de\/wp-content\/uploads\/2020\/02\/Jahresr\u00fcckblick_03-768x576.jpeg 768w, https:\/\/weingut-ehrhart.de\/wp-content\/uploads\/2020\/02\/Jahresr\u00fcckblick_03-1536x1152.jpeg 1536w, https:\/\/weingut-ehrhart.de\/wp-content\/uploads\/2020\/02\/Jahresr\u00fcckblick_03.jpeg 2048w\" sizes=\"(max-width: 250px) 100vw, 250px\" \/><\/p>\n<p>Im Fr\u00fchling sind unsere Reben sowie unsere artenreiche Weinbergsbegr\u00fcnung dann wieder erwacht, die Knospen, das frische Gr\u00fcn und die bunten Bl\u00fcten gaben der Natur wieder Farbe.<\/p>\n<p>Bei bestem Sonnenschein machten wir mit Kunden eine Weinbergsf\u00fchrung mit Picknick im Weinberg und erz\u00e4hlten \u00fcber unsere Weine und die Arbeit als Winzer. Ein tolles Erlebnis f\u00fcr unsere G\u00e4ste und f\u00fcr uns eine Freude die Liebe zum Wein zu teilen und dar\u00fcber zu erz\u00e4hlen.<span class=\"Apple-converted-space\">\u00a0<\/span><\/p>\n<p><img loading=\"lazy\" class=\"alignnone wp-image-2027\" src=\"https:\/\/weingut-ehrhart.de\/wp-content\/uploads\/2020\/02\/Jahresr\u00fcckblick_05-300x225.jpg\" alt=\"\" width=\"250\" height=\"188\" srcset=\"https:\/\/weingut-ehrhart.de\/wp-content\/uploads\/2020\/02\/Jahresr\u00fcckblick_05-300x225.jpg 300w, https:\/\/weingut-ehrhart.de\/wp-content\/uploads\/2020\/02\/Jahresr\u00fcckblick_05-1024x768.jpg 1024w, https:\/\/weingut-ehrhart.de\/wp-content\/uploads\/2020\/02\/Jahresr\u00fcckblick_05-768x576.jpg 768w, https:\/\/weingut-ehrhart.de\/wp-content\/uploads\/2020\/02\/Jahresr\u00fcckblick_05-1536x1152.jpg 1536w, https:\/\/weingut-ehrhart.de\/wp-content\/uploads\/2020\/02\/Jahresr\u00fcckblick_05.jpg 1600w\" sizes=\"(max-width: 250px) 100vw, 250px\" \/> <img loading=\"lazy\" class=\"alignnone wp-image-2026 size-medium\" src=\"https:\/\/weingut-ehrhart.de\/wp-content\/uploads\/2020\/02\/Jahresr\u00fcckblick_06-300x169.jpg\" alt=\"\" width=\"300\" height=\"169\" srcset=\"https:\/\/weingut-ehrhart.de\/wp-content\/uploads\/2020\/02\/Jahresr\u00fcckblick_06-300x169.jpg 300w, https:\/\/weingut-ehrhart.de\/wp-content\/uploads\/2020\/02\/Jahresr\u00fcckblick_06-1024x576.jpg 1024w, https:\/\/weingut-ehrhart.de\/wp-content\/uploads\/2020\/02\/Jahresr\u00fcckblick_06-768x432.jpg 768w, https:\/\/weingut-ehrhart.de\/wp-content\/uploads\/2020\/02\/Jahresr\u00fcckblick_06.jpg 1496w\" sizes=\"(max-width: 300px) 100vw, 300px\" \/><\/p>\n<p>Im Sommer hatten wir wieder unsere Gartenlounge ge\u00f6ffnet. An den Samstagen und Sonntagen im Juni bewirteten wir hier unsere G\u00e4ste, welche die Sonne genie\u00dfen und dabei ein gut gek\u00fchltes Glas Wein und kleine Speisen zu sich nehmen konnten. Zum Abschluss der Gartenlounge zeigte Benjamin noch sein k\u00f6nnen als Grillmeister.<\/p>\n<p style=\"text-align: left;\"><img loading=\"lazy\" class=\"wp-image-2036 alignnone\" src=\"https:\/\/weingut-ehrhart.de\/wp-content\/uploads\/2020\/02\/IMG_2086-300x225.jpg\" alt=\"\" width=\"250\" height=\"188\" srcset=\"https:\/\/weingut-ehrhart.de\/wp-content\/uploads\/2020\/02\/IMG_2086-300x225.jpg 300w, https:\/\/weingut-ehrhart.de\/wp-content\/uploads\/2020\/02\/IMG_2086-1024x768.jpg 1024w, https:\/\/weingut-ehrhart.de\/wp-content\/uploads\/2020\/02\/IMG_2086-768x576.jpg 768w, https:\/\/weingut-ehrhart.de\/wp-content\/uploads\/2020\/02\/IMG_2086-1536x1152.jpg 1536w, https:\/\/weingut-ehrhart.de\/wp-content\/uploads\/2020\/02\/IMG_2086-2048x1536.jpg 2048w\" sizes=\"(max-width: 250px) 100vw, 250px\" \/>\u00a0\u00a0<img loading=\"lazy\" class=\"size-medium wp-image-2019 alignnone\" src=\"https:\/\/weingut-ehrhart.de\/wp-content\/uploads\/2020\/02\/Jahresr\u00fcckblick_08-225x300.jpg\" alt=\"\" width=\"225\" height=\"300\" srcset=\"https:\/\/weingut-ehrhart.de\/wp-content\/uploads\/2020\/02\/Jahresr\u00fcckblick_08-225x300.jpg 225w, https:\/\/weingut-ehrhart.de\/wp-content\/uploads\/2020\/02\/Jahresr\u00fcckblick_08-768x1024.jpg 768w, https:\/\/weingut-ehrhart.de\/wp-content\/uploads\/2020\/02\/Jahresr\u00fcckblick_08-1152x1536.jpg 1152w, https:\/\/weingut-ehrhart.de\/wp-content\/uploads\/2020\/02\/Jahresr\u00fcckblick_08-1536x2048.jpg 1536w, https:\/\/weingut-ehrhart.de\/wp-content\/uploads\/2020\/02\/Jahresr\u00fcckblick_08-scaled.jpg 1920w\" sizes=\"(max-width: 225px) 100vw, 225px\" \/>\u00a0\u00a0<img loading=\"lazy\" class=\"size-medium wp-image-2029 alignnone\" src=\"https:\/\/weingut-ehrhart.de\/wp-content\/uploads\/2020\/02\/Jahresr\u00fcckblick_07-300x225.jpg\" alt=\"\" width=\"300\" height=\"225\" srcset=\"https:\/\/weingut-ehrhart.de\/wp-content\/uploads\/2020\/02\/Jahresr\u00fcckblick_07-300x225.jpg 300w, https:\/\/weingut-ehrhart.de\/wp-content\/uploads\/2020\/02\/Jahresr\u00fcckblick_07-1024x768.jpg 1024w, https:\/\/weingut-ehrhart.de\/wp-content\/uploads\/2020\/02\/Jahresr\u00fcckblick_07-768x576.jpg 768w, https:\/\/weingut-ehrhart.de\/wp-content\/uploads\/2020\/02\/Jahresr\u00fcckblick_07-1536x1152.jpg 1536w, https:\/\/weingut-ehrhart.de\/wp-content\/uploads\/2020\/02\/Jahresr\u00fcckblick_07-2048x1536.jpg 2048w\" sizes=\"(max-width: 300px) 100vw, 300px\" \/><\/p>\n<p>Unser Weingut hatte f\u00fcr Sie nat\u00fcrlich auch am Weinstra\u00dfentag am 26.08.2019 ge\u00f6ffnet. An diesem Tag war die Weinstra\u00dfe von Schweingen bis Bockenheim f\u00fcr Autos und Motorr\u00e4der gesperrt. Anstelle dessen wurde die Stra\u00dfe durch zahlreiche Wanderer und Radfahrer lebendig. Da tat dem ein oder anderen eine Verschnaufpause bei uns im Weingut mit der entsprechenden Erfrischung, z.B. durch eine Weinschorle gut.<\/p>\n<p><img loading=\"lazy\" class=\"alignnone wp-image-2020\" src=\"https:\/\/weingut-ehrhart.de\/wp-content\/uploads\/2020\/02\/Jahresr\u00fcckblick_09-300x225.jpg\" alt=\"\" width=\"250\" height=\"188\" srcset=\"https:\/\/weingut-ehrhart.de\/wp-content\/uploads\/2020\/02\/Jahresr\u00fcckblick_09-300x225.jpg 300w, https:\/\/weingut-ehrhart.de\/wp-content\/uploads\/2020\/02\/Jahresr\u00fcckblick_09-1024x768.jpg 1024w, https:\/\/weingut-ehrhart.de\/wp-content\/uploads\/2020\/02\/Jahresr\u00fcckblick_09-768x576.jpg 768w, https:\/\/weingut-ehrhart.de\/wp-content\/uploads\/2020\/02\/Jahresr\u00fcckblick_09-1536x1152.jpg 1536w, https:\/\/weingut-ehrhart.de\/wp-content\/uploads\/2020\/02\/Jahresr\u00fcckblick_09-2048x1536.jpg 2048w\" sizes=\"(max-width: 250px) 100vw, 250px\" \/>\u00a0<img loading=\"lazy\" class=\"alignnone wp-image-2021\" src=\"https:\/\/weingut-ehrhart.de\/wp-content\/uploads\/2020\/02\/Jahresr\u00fcckblick_10-300x225.jpg\" alt=\"\" width=\"250\" height=\"188\" srcset=\"https:\/\/weingut-ehrhart.de\/wp-content\/uploads\/2020\/02\/Jahresr\u00fcckblick_10-300x225.jpg 300w, https:\/\/weingut-ehrhart.de\/wp-content\/uploads\/2020\/02\/Jahresr\u00fcckblick_10-1024x768.jpg 1024w, https:\/\/weingut-ehrhart.de\/wp-content\/uploads\/2020\/02\/Jahresr\u00fcckblick_10-768x576.jpg 768w, https:\/\/weingut-ehrhart.de\/wp-content\/uploads\/2020\/02\/Jahresr\u00fcckblick_10-1536x1152.jpg 1536w, https:\/\/weingut-ehrhart.de\/wp-content\/uploads\/2020\/02\/Jahresr\u00fcckblick_10-2048x1536.jpg 2048w\" sizes=\"(max-width: 250px) 100vw, 250px\" \/><\/p>\n<p>Wir waren 2019 auch auf der ein oder anderen Veranstaltung und repr\u00e4sentierten unser Weingut. Im M\u00e4rz 2019 trafen Sie uns auf der Prowein Messe in D\u00fcsseldorf. Im September nahmen wir bei den VineKings in Damp an der Ostsee teil &#8211; ein Weinfestival am Hafen gelegen. Im Dezember waren wir bei einer gem\u00fctlichen Weinverkostung bei unserem H\u00e4ndler Lorenz Oettl im Montevinum in Kreuth am Tegernsee. In dieser tollen landschaftlichen Umgebung wurde es ein interessanter Tag mit tollen Menschen und guten Weinen.<\/p>\n<p><img loading=\"lazy\" class=\"alignnone wp-image-2022\" src=\"https:\/\/weingut-ehrhart.de\/wp-content\/uploads\/2020\/02\/Jahresr\u00fcckblick_11-300x225.jpg\" alt=\"\" width=\"250\" height=\"188\" srcset=\"https:\/\/weingut-ehrhart.de\/wp-content\/uploads\/2020\/02\/Jahresr\u00fcckblick_11-300x225.jpg 300w, https:\/\/weingut-ehrhart.de\/wp-content\/uploads\/2020\/02\/Jahresr\u00fcckblick_11-1024x768.jpg 1024w, https:\/\/weingut-ehrhart.de\/wp-content\/uploads\/2020\/02\/Jahresr\u00fcckblick_11-768x576.jpg 768w, https:\/\/weingut-ehrhart.de\/wp-content\/uploads\/2020\/02\/Jahresr\u00fcckblick_11-1536x1152.jpg 1536w, https:\/\/weingut-ehrhart.de\/wp-content\/uploads\/2020\/02\/Jahresr\u00fcckblick_11-2048x1536.jpg 2048w\" sizes=\"(max-width: 250px) 100vw, 250px\" \/> <img loading=\"lazy\" class=\"alignnone wp-image-2023\" src=\"https:\/\/weingut-ehrhart.de\/wp-content\/uploads\/2020\/02\/Jahresr\u00fcckblick_12-300x225.jpg\" alt=\"\" width=\"250\" height=\"188\" srcset=\"https:\/\/weingut-ehrhart.de\/wp-content\/uploads\/2020\/02\/Jahresr\u00fcckblick_12-300x225.jpg 300w, https:\/\/weingut-ehrhart.de\/wp-content\/uploads\/2020\/02\/Jahresr\u00fcckblick_12-1024x768.jpg 1024w, https:\/\/weingut-ehrhart.de\/wp-content\/uploads\/2020\/02\/Jahresr\u00fcckblick_12-768x576.jpg 768w, https:\/\/weingut-ehrhart.de\/wp-content\/uploads\/2020\/02\/Jahresr\u00fcckblick_12-1536x1152.jpg 1536w, https:\/\/weingut-ehrhart.de\/wp-content\/uploads\/2020\/02\/Jahresr\u00fcckblick_12-2048x1536.jpg 2048w\" sizes=\"(max-width: 250px) 100vw, 250px\" \/> <img loading=\"lazy\" class=\"alignnone wp-image-2024\" src=\"https:\/\/weingut-ehrhart.de\/wp-content\/uploads\/2020\/02\/Jahresr\u00fcckblick_13-300x225.jpg\" alt=\"\" width=\"250\" height=\"188\" srcset=\"https:\/\/weingut-ehrhart.de\/wp-content\/uploads\/2020\/02\/Jahresr\u00fcckblick_13-300x225.jpg 300w, https:\/\/weingut-ehrhart.de\/wp-content\/uploads\/2020\/02\/Jahresr\u00fcckblick_13-1024x768.jpg 1024w, https:\/\/weingut-ehrhart.de\/wp-content\/uploads\/2020\/02\/Jahresr\u00fcckblick_13-768x576.jpg 768w, https:\/\/weingut-ehrhart.de\/wp-content\/uploads\/2020\/02\/Jahresr\u00fcckblick_13-1536x1152.jpg 1536w, https:\/\/weingut-ehrhart.de\/wp-content\/uploads\/2020\/02\/Jahresr\u00fcckblick_13-2048x1536.jpg 2048w\" sizes=\"(max-width: 250px) 100vw, 250px\" \/><\/p>\n<p>Der Herbst ist immer die aufregendste Zeit im Weinbaubetrieb, denn dann ist die Zeit gekommen in der sich die Arbeit des gesamten Jahres im Ergebnis zeigt. F\u00fcr Reinhold und Benjamin eine Zeit mit wenig Schlaf und viel Arbeit. Aber es ist auch die Zeit, auf die sich die beiden immer das ganze Jahr schon freuen. Bevor die Ernte begann erfolgten noch die letzten Handgriffe zur Qualit\u00e4tsf\u00f6rderung. In aufwendiger Handarbeit reduzierten wir nochmals die Traubenanzahl am Stock und stellten so sicher, dass die Trauben nach Regenwetter m\u00f6glichst schnell abtrocknen konnten, um so F\u00e4ulnis zu vermeiden und den optimalen Reifegrad zu erm\u00f6glichen. Das sollte uns gerade in 2019 hilfreich sein, denn dies war ein sehr verregneter Herbst. Im September begannen wir mit der Lese unserer Trauben. W\u00e4hrend wir bei den Basisweinen auf die Schlagkraft der Maschinenernte bauten, wurden die Orts- und Lagenweine mit der Hand gelesen. In unserem Familienbetrieb sind wir dabei immer unseren Freunden und allen Familienmitgliedern sehr f\u00fcr die tatkr\u00e4ftige Hilfe dankbar.<\/p>\n<p><img loading=\"lazy\" class=\"wp-image-2017 alignnone\" src=\"https:\/\/weingut-ehrhart.de\/wp-content\/uploads\/2020\/02\/Jahresr\u00fcckblick_14-300x225.jpg\" alt=\"\" width=\"250\" height=\"188\" srcset=\"https:\/\/weingut-ehrhart.de\/wp-content\/uploads\/2020\/02\/Jahresr\u00fcckblick_14-300x225.jpg 300w, https:\/\/weingut-ehrhart.de\/wp-content\/uploads\/2020\/02\/Jahresr\u00fcckblick_14-1024x768.jpg 1024w, https:\/\/weingut-ehrhart.de\/wp-content\/uploads\/2020\/02\/Jahresr\u00fcckblick_14-768x576.jpg 768w, https:\/\/weingut-ehrhart.de\/wp-content\/uploads\/2020\/02\/Jahresr\u00fcckblick_14-1536x1152.jpg 1536w, https:\/\/weingut-ehrhart.de\/wp-content\/uploads\/2020\/02\/Jahresr\u00fcckblick_14.jpg 1600w\" sizes=\"(max-width: 250px) 100vw, 250px\" \/> <img loading=\"lazy\" class=\"wp-image-2018 alignnone\" src=\"https:\/\/weingut-ehrhart.de\/wp-content\/uploads\/2020\/02\/Jahresr\u00fcckblick_15-300x226.jpeg\" alt=\"\" width=\"250\" height=\"189\" srcset=\"https:\/\/weingut-ehrhart.de\/wp-content\/uploads\/2020\/02\/Jahresr\u00fcckblick_15-300x226.jpeg 300w, https:\/\/weingut-ehrhart.de\/wp-content\/uploads\/2020\/02\/Jahresr\u00fcckblick_15-1024x773.jpeg 1024w, https:\/\/weingut-ehrhart.de\/wp-content\/uploads\/2020\/02\/Jahresr\u00fcckblick_15-768x580.jpeg 768w, https:\/\/weingut-ehrhart.de\/wp-content\/uploads\/2020\/02\/Jahresr\u00fcckblick_15-1536x1159.jpeg 1536w, https:\/\/weingut-ehrhart.de\/wp-content\/uploads\/2020\/02\/Jahresr\u00fcckblick_15-2048x1546.jpeg 2048w\" sizes=\"(max-width: 250px) 100vw, 250px\" \/> <img loading=\"lazy\" class=\"wp-image-2013 alignnone\" src=\"https:\/\/weingut-ehrhart.de\/wp-content\/uploads\/2020\/02\/Jahresr\u00fcckblick_16-300x225.jpg\" alt=\"\" width=\"250\" height=\"188\" srcset=\"https:\/\/weingut-ehrhart.de\/wp-content\/uploads\/2020\/02\/Jahresr\u00fcckblick_16-300x225.jpg 300w, https:\/\/weingut-ehrhart.de\/wp-content\/uploads\/2020\/02\/Jahresr\u00fcckblick_16-768x576.jpg 768w, https:\/\/weingut-ehrhart.de\/wp-content\/uploads\/2020\/02\/Jahresr\u00fcckblick_16.jpg 1024w\" sizes=\"(max-width: 250px) 100vw, 250px\" \/><\/p>\n<p><img loading=\"lazy\" class=\"wp-image-2016 alignnone\" src=\"https:\/\/weingut-ehrhart.de\/wp-content\/uploads\/2020\/02\/Jahresr\u00fcckblick_17-300x169.jpg\" alt=\"\" width=\"250\" height=\"141\" srcset=\"https:\/\/weingut-ehrhart.de\/wp-content\/uploads\/2020\/02\/Jahresr\u00fcckblick_17-300x169.jpg 300w, https:\/\/weingut-ehrhart.de\/wp-content\/uploads\/2020\/02\/Jahresr\u00fcckblick_17-1024x576.jpg 1024w, https:\/\/weingut-ehrhart.de\/wp-content\/uploads\/2020\/02\/Jahresr\u00fcckblick_17-768x432.jpg 768w, https:\/\/weingut-ehrhart.de\/wp-content\/uploads\/2020\/02\/Jahresr\u00fcckblick_17-1536x864.jpg 1536w, https:\/\/weingut-ehrhart.de\/wp-content\/uploads\/2020\/02\/Jahresr\u00fcckblick_17.jpg 1600w\" sizes=\"(max-width: 250px) 100vw, 250px\" \/> <img loading=\"lazy\" class=\"wp-image-2015 alignnone\" src=\"https:\/\/weingut-ehrhart.de\/wp-content\/uploads\/2020\/02\/Jahresr\u00fcckblick_18-300x169.jpg\" alt=\"\" width=\"250\" height=\"141\" srcset=\"https:\/\/weingut-ehrhart.de\/wp-content\/uploads\/2020\/02\/Jahresr\u00fcckblick_18-300x169.jpg 300w, https:\/\/weingut-ehrhart.de\/wp-content\/uploads\/2020\/02\/Jahresr\u00fcckblick_18-1024x576.jpg 1024w, https:\/\/weingut-ehrhart.de\/wp-content\/uploads\/2020\/02\/Jahresr\u00fcckblick_18-768x432.jpg 768w, https:\/\/weingut-ehrhart.de\/wp-content\/uploads\/2020\/02\/Jahresr\u00fcckblick_18-1536x864.jpg 1536w, https:\/\/weingut-ehrhart.de\/wp-content\/uploads\/2020\/02\/Jahresr\u00fcckblick_18.jpg 1600w\" sizes=\"(max-width: 250px) 100vw, 250px\" \/> <img loading=\"lazy\" class=\"wp-image-2041 alignnone\" src=\"https:\/\/weingut-ehrhart.de\/wp-content\/uploads\/2020\/02\/IMG_3546-300x178.jpg\" alt=\"\" width=\"250\" height=\"149\" srcset=\"https:\/\/weingut-ehrhart.de\/wp-content\/uploads\/2020\/02\/IMG_3546-300x178.jpg 300w, https:\/\/weingut-ehrhart.de\/wp-content\/uploads\/2020\/02\/IMG_3546-1024x609.jpg 1024w, https:\/\/weingut-ehrhart.de\/wp-content\/uploads\/2020\/02\/IMG_3546-768x457.jpg 768w, https:\/\/weingut-ehrhart.de\/wp-content\/uploads\/2020\/02\/IMG_3546-1536x914.jpg 1536w, https:\/\/weingut-ehrhart.de\/wp-content\/uploads\/2020\/02\/IMG_3546-2048x1218.jpg 2048w\" sizes=\"(max-width: 250px) 100vw, 250px\" \/><\/p>\n<p>Neben der Ernte hatten wir im Herbst auch alle H\u00e4nde voll in unserer Strau\u00dfwirtschaft zu tun. Diese war im September und Oktober ge\u00f6ffnet. Ute kochte in dieser Zeit f\u00fcr unsere G\u00e4ste pf\u00e4lzische Gerichte zu denen unsere Weine serviert wurden. An den Wochenenden packten Reinhold und Claudia mit an, damit sich jeder Gast bei uns wohlf\u00fchlte und auch zu den Weinen beraten werden konnte. Jedes Jahr zelebrieren wir den Abschluss des Ausschanks mit einem Rebknorzenspie\u00dfgrillen. So auch in diesem Jahr am 26.10.2019. Der Abend war ausreserviert und war wieder ein gelungenes Fest, mit vielen Stammg\u00e4sten, aber auch ein paar neuen Gesichtern und G\u00e4sten von unserem Wohnmobilstellplatz.<\/p>\n<p><img loading=\"lazy\" class=\"alignnone wp-image-2012\" src=\"https:\/\/weingut-ehrhart.de\/wp-content\/uploads\/2020\/02\/Jahresr\u00fcckblick_19-300x225.jpg\" alt=\"\" width=\"250\" height=\"188\" srcset=\"https:\/\/weingut-ehrhart.de\/wp-content\/uploads\/2020\/02\/Jahresr\u00fcckblick_19-300x225.jpg 300w, https:\/\/weingut-ehrhart.de\/wp-content\/uploads\/2020\/02\/Jahresr\u00fcckblick_19-1024x768.jpg 1024w, https:\/\/weingut-ehrhart.de\/wp-content\/uploads\/2020\/02\/Jahresr\u00fcckblick_19-768x576.jpg 768w, https:\/\/weingut-ehrhart.de\/wp-content\/uploads\/2020\/02\/Jahresr\u00fcckblick_19-1536x1152.jpg 1536w, https:\/\/weingut-ehrhart.de\/wp-content\/uploads\/2020\/02\/Jahresr\u00fcckblick_19.jpg 1600w\" sizes=\"(max-width: 250px) 100vw, 250px\" \/> <img loading=\"lazy\" class=\"alignnone wp-image-2031\" src=\"https:\/\/weingut-ehrhart.de\/wp-content\/uploads\/2020\/02\/Jahresr\u00fcckblick_20-300x225.jpg\" alt=\"\" width=\"250\" height=\"188\" srcset=\"https:\/\/weingut-ehrhart.de\/wp-content\/uploads\/2020\/02\/Jahresr\u00fcckblick_20-300x225.jpg 300w, https:\/\/weingut-ehrhart.de\/wp-content\/uploads\/2020\/02\/Jahresr\u00fcckblick_20-1024x768.jpg 1024w, https:\/\/weingut-ehrhart.de\/wp-content\/uploads\/2020\/02\/Jahresr\u00fcckblick_20-768x576.jpg 768w, https:\/\/weingut-ehrhart.de\/wp-content\/uploads\/2020\/02\/Jahresr\u00fcckblick_20-1536x1152.jpg 1536w, https:\/\/weingut-ehrhart.de\/wp-content\/uploads\/2020\/02\/Jahresr\u00fcckblick_20-2048x1536.jpg 2048w\" sizes=\"(max-width: 250px) 100vw, 250px\" \/>\u00a0<img loading=\"lazy\" class=\"alignnone wp-image-2032\" src=\"https:\/\/weingut-ehrhart.de\/wp-content\/uploads\/2020\/02\/Jahresr\u00fcckblick_22-300x225.jpg\" alt=\"\" width=\"250\" height=\"188\" srcset=\"https:\/\/weingut-ehrhart.de\/wp-content\/uploads\/2020\/02\/Jahresr\u00fcckblick_22-300x225.jpg 300w, https:\/\/weingut-ehrhart.de\/wp-content\/uploads\/2020\/02\/Jahresr\u00fcckblick_22-1024x768.jpg 1024w, https:\/\/weingut-ehrhart.de\/wp-content\/uploads\/2020\/02\/Jahresr\u00fcckblick_22-768x576.jpg 768w, https:\/\/weingut-ehrhart.de\/wp-content\/uploads\/2020\/02\/Jahresr\u00fcckblick_22-1536x1152.jpg 1536w, https:\/\/weingut-ehrhart.de\/wp-content\/uploads\/2020\/02\/Jahresr\u00fcckblick_22-2048x1536.jpg 2048w\" sizes=\"(max-width: 250px) 100vw, 250px\" \/><\/p>\n<p>Als der Herbst vorbei war, die Weine in den Stahltanks und Holzf\u00e4ssern lagen, wurde es wieder etwas ruhiger im Weingut. Daf\u00fcr wurde die innerliche Nervosit\u00e4t wieder gr\u00f6\u00dfer, als die Ver\u00f6ffentlichung der Weinf\u00fchrer n\u00e4her r\u00fcckte. Und die Aufregung lohnte sich. Denn im November wurden wir vom Vinum Wineguide zur Entdeckung des Jahres der Anbauregion Pfalz gek\u00fcrt. Sie k\u00f6nnen sich sicherlich vorstellen, wie sehr wir uns dar\u00fcber gefreut haben und stolz auf unsere Arbeit waren. Die Freude war au\u00dferdem gro\u00df dar\u00fcber, dass unsere neue Kreation des 2018er Eschbach Hasen Chardonnay bei dem Weinf\u00fchrer so gut ankam.<\/p>\n<p>Angespornt durch diese Ehrung blicken wir nun gespannt auf das neue Jahr 2020 und die Entwicklung unserer 2019er Jahrg\u00e4nge.<\/p>\n","protected":false},"excerpt":{"rendered":"<p>Nun ist wieder ein Jahr vorbei und ein neues Jahr, mit neuen Vorhaben steht an. Doch zun\u00e4chst wollen wir zur\u00fcckblicken auf die vergangenen 12 Monate. Das Jahr 2019 begannen wir mit dem allj\u00e4hrlichen Rebschnitt. Das bedeutet, dass wir im Januar und Februar bei jeder einzelnen Rebpflanze die Triebe eingek\u00fcrzt haben, sodass f\u00fcr die Saison 2019 [&hellip;]<\/p>\n","protected":false},"author":6,"featured_media":2043,"comment_status":"closed","ping_status":"open","sticky":false,"template":"","format":"standard","meta":[],"categories":[40],"tags":[],"yoast_head":"<!-- This site is optimized with the Yoast SEO plugin v19.7.2 - https:\/\/yoast.com\/wordpress\/plugins\/seo\/ -->\n<title>Jahresr\u00fcckblick 2019 &bull; Bioweingut Ehrhart<\/title>\n<meta name=\"robots\" content=\"index, follow, max-snippet:-1, max-image-preview:large, max-video-preview:-1\" \/>\n<link rel=\"canonical\" href=\"https:\/\/weingut-ehrhart.de\/jahresrueckblick_2019\/\" \/>\n<meta property=\"og:locale\" content=\"en_US\" \/>\n<meta property=\"og:type\" content=\"article\" \/>\n<meta property=\"og:title\" content=\"Jahresr\u00fcckblick 2019 &bull; Bioweingut Ehrhart\" \/>\n<meta property=\"og:description\" content=\"Nun ist wieder ein Jahr vorbei und ein neues Jahr, mit neuen Vorhaben steht an. Doch zun\u00e4chst wollen wir zur\u00fcckblicken auf die vergangenen 12 Monate. Das Jahr 2019 begannen wir mit dem allj\u00e4hrlichen Rebschnitt. Das bedeutet, dass wir im Januar und Februar bei jeder einzelnen Rebpflanze die Triebe eingek\u00fcrzt haben, sodass f\u00fcr die Saison 2019 [&hellip;]\" \/>\n<meta property=\"og:url\" content=\"https:\/\/weingut-ehrhart.de\/jahresrueckblick_2019\/\" \/>\n<meta property=\"og:site_name\" content=\"Bioweingut Ehrhart\" \/>\n<meta property=\"article:published_time\" content=\"2020-01-15T17:19:29+00:00\" \/>\n<meta property=\"article:modified_time\" content=\"2020-02-25T19:02:51+00:00\" \/>\n<meta property=\"og:image\" content=\"https:\/\/weingut-ehrhart.de\/wp-content\/uploads\/2020\/02\/IMG_2087-scaled.jpg\" \/>\n\t<meta property=\"og:image:width\" content=\"2560\" \/>\n\t<meta property=\"og:image:height\" content=\"1920\" \/>\n\t<meta property=\"og:image:type\" content=\"image\/jpeg\" \/>\n<meta name=\"author\" content=\"Weingut Ehrhart\" \/>\n<meta name=\"twitter:card\" content=\"summary_large_image\" \/>\n<meta name=\"twitter:label1\" content=\"Written by\" \/>\n\t<meta name=\"twitter:data1\" content=\"Weingut Ehrhart\" \/>\n\t<meta name=\"twitter:label2\" content=\"Est. reading time\" \/>\n\t<meta name=\"twitter:data2\" content=\"5 minutes\" \/>\n<script type=\"application\/ld+json\" class=\"yoast-schema-graph\">{\"@context\":\"https:\/\/schema.org\",\"@graph\":[{\"@type\":\"WebPage\",\"@id\":\"https:\/\/weingut-ehrhart.de\/jahresrueckblick_2019\/\",\"url\":\"https:\/\/weingut-ehrhart.de\/jahresrueckblick_2019\/\",\"name\":\"Jahresr\u00fcckblick 2019 &bull; Bioweingut Ehrhart\",\"isPartOf\":{\"@id\":\"https:\/\/weingut-ehrhart.de\/#website\"},\"datePublished\":\"2020-01-15T17:19:29+00:00\",\"dateModified\":\"2020-02-25T19:02:51+00:00\",\"author\":{\"@id\":\"https:\/\/weingut-ehrhart.de\/#\/schema\/person\/7345bf038cef42fbe2087599fba77d77\"},\"breadcrumb\":{\"@id\":\"https:\/\/weingut-ehrhart.de\/jahresrueckblick_2019\/#breadcrumb\"},\"inLanguage\":\"en-US\",\"potentialAction\":[{\"@type\":\"ReadAction\",\"target\":[\"https:\/\/weingut-ehrhart.de\/jahresrueckblick_2019\/\"]}]},{\"@type\":\"BreadcrumbList\",\"@id\":\"https:\/\/weingut-ehrhart.de\/jahresrueckblick_2019\/#breadcrumb\",\"itemListElement\":[{\"@type\":\"ListItem\",\"position\":1,\"name\":\"Startseite\",\"item\":\"https:\/\/weingut-ehrhart.de\/en\/\"},{\"@type\":\"ListItem\",\"position\":2,\"name\":\"Jahresr\u00fcckblick 2019\"}]},{\"@type\":\"WebSite\",\"@id\":\"https:\/\/weingut-ehrhart.de\/#website\",\"url\":\"https:\/\/weingut-ehrhart.de\/\",\"name\":\"Bioweingut Ehrhart\",\"description\":\"\",\"potentialAction\":[{\"@type\":\"SearchAction\",\"target\":{\"@type\":\"EntryPoint\",\"urlTemplate\":\"https:\/\/weingut-ehrhart.de\/?s={search_term_string}\"},\"query-input\":\"required name=search_term_string\"}],\"inLanguage\":\"en-US\"},{\"@type\":\"Person\",\"@id\":\"https:\/\/weingut-ehrhart.de\/#\/schema\/person\/7345bf038cef42fbe2087599fba77d77\",\"name\":\"Weingut Ehrhart\",\"image\":{\"@type\":\"ImageObject\",\"inLanguage\":\"en-US\",\"@id\":\"https:\/\/weingut-ehrhart.de\/#\/schema\/person\/image\/\",\"url\":\"https:\/\/secure.gravatar.com\/avatar\/17a3ee02f2dca8b5c9b082409737ef6d?s=96&d=mm&r=g\",\"contentUrl\":\"https:\/\/secure.gravatar.com\/avatar\/17a3ee02f2dca8b5c9b082409737ef6d?s=96&d=mm&r=g\",\"caption\":\"Weingut Ehrhart\"},\"url\":\"https:\/\/weingut-ehrhart.de\/en\/author\/ehrhart\/\"}]}<\/script>\n<!-- \/ Yoast SEO plugin. -->","yoast_head_json":{"title":"Jahresr\u00fcckblick 2019 &bull; Bioweingut Ehrhart","robots":{"index":"index","follow":"follow","max-snippet":"max-snippet:-1","max-image-preview":"max-image-preview:large","max-video-preview":"max-video-preview:-1"},"canonical":"https:\/\/weingut-ehrhart.de\/jahresrueckblick_2019\/","og_locale":"en_US","og_type":"article","og_title":"Jahresr\u00fcckblick 2019 &bull; Bioweingut Ehrhart","og_description":"Nun ist wieder ein Jahr vorbei und ein neues Jahr, mit neuen Vorhaben steht an. Doch zun\u00e4chst wollen wir zur\u00fcckblicken auf die vergangenen 12 Monate. Das Jahr 2019 begannen wir mit dem allj\u00e4hrlichen Rebschnitt. Das bedeutet, dass wir im Januar und Februar bei jeder einzelnen Rebpflanze die Triebe eingek\u00fcrzt haben, sodass f\u00fcr die Saison 2019 [&hellip;]","og_url":"https:\/\/weingut-ehrhart.de\/jahresrueckblick_2019\/","og_site_name":"Bioweingut Ehrhart","article_published_time":"2020-01-15T17:19:29+00:00","article_modified_time":"2020-02-25T19:02:51+00:00","og_image":[{"width":2560,"height":1920,"url":"https:\/\/weingut-ehrhart.de\/wp-content\/uploads\/2020\/02\/IMG_2087-scaled.jpg","type":"image\/jpeg"}],"author":"Weingut Ehrhart","twitter_card":"summary_large_image","twitter_misc":{"Written by":"Weingut Ehrhart","Est. reading time":"5 minutes"},"schema":{"@context":"https:\/\/schema.org","@graph":[{"@type":"WebPage","@id":"https:\/\/weingut-ehrhart.de\/jahresrueckblick_2019\/","url":"https:\/\/weingut-ehrhart.de\/jahresrueckblick_2019\/","name":"Jahresr\u00fcckblick 2019 &bull; Bioweingut Ehrhart","isPartOf":{"@id":"https:\/\/weingut-ehrhart.de\/#website"},"datePublished":"2020-01-15T17:19:29+00:00","dateModified":"2020-02-25T19:02:51+00:00","author":{"@id":"https:\/\/weingut-ehrhart.de\/#\/schema\/person\/7345bf038cef42fbe2087599fba77d77"},"breadcrumb":{"@id":"https:\/\/weingut-ehrhart.de\/jahresrueckblick_2019\/#breadcrumb"},"inLanguage":"en-US","potentialAction":[{"@type":"ReadAction","target":["https:\/\/weingut-ehrhart.de\/jahresrueckblick_2019\/"]}]},{"@type":"BreadcrumbList","@id":"https:\/\/weingut-ehrhart.de\/jahresrueckblick_2019\/#breadcrumb","itemListElement":[{"@type":"ListItem","position":1,"name":"Startseite","item":"https:\/\/weingut-ehrhart.de\/en\/"},{"@type":"ListItem","position":2,"name":"Jahresr\u00fcckblick 2019"}]},{"@type":"WebSite","@id":"https:\/\/weingut-ehrhart.de\/#website","url":"https:\/\/weingut-ehrhart.de\/","name":"Bioweingut Ehrhart","description":"","potentialAction":[{"@type":"SearchAction","target":{"@type":"EntryPoint","urlTemplate":"https:\/\/weingut-ehrhart.de\/?s={search_term_string}"},"query-input":"required name=search_term_string"}],"inLanguage":"en-US"},{"@type":"Person","@id":"https:\/\/weingut-ehrhart.de\/#\/schema\/person\/7345bf038cef42fbe2087599fba77d77","name":"Weingut Ehrhart","image":{"@type":"ImageObject","inLanguage":"en-US","@id":"https:\/\/weingut-ehrhart.de\/#\/schema\/person\/image\/","url":"https:\/\/secure.gravatar.com\/avatar\/17a3ee02f2dca8b5c9b082409737ef6d?s=96&d=mm&r=g","contentUrl":"https:\/\/secure.gravatar.com\/avatar\/17a3ee02f2dca8b5c9b082409737ef6d?s=96&d=mm&r=g","caption":"Weingut Ehrhart"},"url":"https:\/\/weingut-ehrhart.de\/en\/author\/ehrhart\/"}]}},"_links":{"self":[{"href":"https:\/\/weingut-ehrhart.de\/en\/wp-json\/wp\/v2\/posts\/2010"}],"collection":[{"href":"https:\/\/weingut-ehrhart.de\/en\/wp-json\/wp\/v2\/posts"}],"about":[{"href":"https:\/\/weingut-ehrhart.de\/en\/wp-json\/wp\/v2\/types\/post"}],"author":[{"embeddable":true,"href":"https:\/\/weingut-ehrhart.de\/en\/wp-json\/wp\/v2\/users\/6"}],"replies":[{"embeddable":true,"href":"https:\/\/weingut-ehrhart.de\/en\/wp-json\/wp\/v2\/comments?post=2010"}],"version-history":[{"count":5,"href":"https:\/\/weingut-ehrhart.de\/en\/wp-json\/wp\/v2\/posts\/2010\/revisions"}],"predecessor-version":[{"id":2042,"href":"https:\/\/weingut-ehrhart.de\/en\/wp-json\/wp\/v2\/posts\/2010\/revisions\/2042"}],"wp:featuredmedia":[{"embeddable":true,"href":"https:\/\/weingut-ehrhart.de\/en\/wp-json\/wp\/v2\/media\/2043"}],"wp:attachment":[{"href":"https:\/\/weingut-ehrhart.de\/en\/wp-json\/wp\/v2\/media?parent=2010"}],"wp:term":[{"taxonomy":"category","embeddable":true,"href":"https:\/\/weingut-ehrhart.de\/en\/wp-json\/wp\/v2\/categories?post=2010"},{"taxonomy":"post_tag","embeddable":true,"href":"https:\/\/weingut-ehrhart.de\/en\/wp-json\/wp\/v2\/tags?post=2010"}],"curies":[{"name":"wp","href":"https:\/\/api.w.org\/{rel}","templated":true}]}}