{"id":1897,"date":"2019-08-09T13:24:21","date_gmt":"2019-08-09T11:24:21","guid":{"rendered":"https:\/\/weingut-ehrhart.de\/?p=1897"},"modified":"2020-02-25T17:09:32","modified_gmt":"2020-02-25T16:09:32","slug":"weinstrassentag_20190825","status":"publish","type":"post","link":"https:\/\/weingut-ehrhart.de\/en\/weinstrassentag_20190825\/","title":{"rendered":"Erlebnistag Deutsche Weinstra\u00dfe am 25.08.2019 bei uns im Weingut"},"content":{"rendered":"<p>Am letzten August Sonntag wird die Weinstra\u00dfe f\u00fcr ca. 80 km f\u00fcr Autos und Motorr\u00e4der gesperrt und geh\u00f6rt an diesem Tag den Wanderern, Spazierg\u00e4ngern, Radfahrern und Inline-Skatern. Nat\u00fcrlich darf der Wein an solch einem Tag auch nicht fehlen. Daher haben wir unser Weingut f\u00fcr Sie an diesem Tag ab 11 Uhr ge\u00f6ffnet und bieten Ihnen erfrischende Getr\u00e4nke im Ausschank an. Au\u00dferdem k\u00f6nnen Sie sich bei uns ab 12 Uhr mit leckerem Essen st\u00e4rken. Es wird Krustenbraten, Bratwurst im Br\u00f6tchen und Flammkuchen geben.<b><\/b><\/p>\n<p>Wir w\u00fcnschen Ihnen einen sch\u00f6nen Sonntag und freuen uns darauf, Sie bei uns im Weingut zu sehen.<\/p>\n<p><img loading=\"lazy\" class=\"wp-image-1900 size-large alignnone\" src=\"https:\/\/weingut-ehrhart.de\/wp-content\/uploads\/2019\/08\/Weingut-von-Au\u00dfen-1024x945.jpeg\" alt=\"\" width=\"1024\" height=\"945\" srcset=\"https:\/\/weingut-ehrhart.de\/wp-content\/uploads\/2019\/08\/Weingut-von-Au\u00dfen-1024x945.jpeg 1024w, https:\/\/weingut-ehrhart.de\/wp-content\/uploads\/2019\/08\/Weingut-von-Au\u00dfen-300x277.jpeg 300w, https:\/\/weingut-ehrhart.de\/wp-content\/uploads\/2019\/08\/Weingut-von-Au\u00dfen-768x709.jpeg 768w\" sizes=\"(max-width: 1024px) 100vw, 1024px\" \/><\/p>\n<p dir=\"ltr\" data-placeholder=\"\u00dcbersetzung\">Ihre Familie Ehrhart<\/p>\n","protected":false},"excerpt":{"rendered":"<p>Am letzten August Sonntag wird die Weinstra\u00dfe f\u00fcr ca. 80 km f\u00fcr Autos und Motorr\u00e4der gesperrt und geh\u00f6rt an diesem Tag den Wanderern, Spazierg\u00e4ngern, Radfahrern und Inline-Skatern. Nat\u00fcrlich darf der Wein an solch einem Tag auch nicht fehlen. Daher haben wir unser Weingut f\u00fcr Sie an diesem Tag ab 11 Uhr ge\u00f6ffnet und bieten Ihnen [&hellip;]<\/p>\n","protected":false},"author":6,"featured_media":1900,"comment_status":"closed","ping_status":"open","sticky":false,"template":"","format":"standard","meta":[],"categories":[40,53],"tags":[],"yoast_head":"<!-- This site is optimized with the Yoast SEO plugin v19.7.2 - https:\/\/yoast.com\/wordpress\/plugins\/seo\/ -->\n<title>Erlebnistag Deutsche Weinstra\u00dfe am 25.08.2019 bei uns im Weingut &bull; Bioweingut Ehrhart<\/title>\n<meta name=\"robots\" content=\"index, follow, max-snippet:-1, max-image-preview:large, max-video-preview:-1\" \/>\n<link rel=\"canonical\" href=\"https:\/\/weingut-ehrhart.de\/weinstrassentag_20190825\/\" \/>\n<meta property=\"og:locale\" content=\"en_US\" \/>\n<meta property=\"og:type\" content=\"article\" \/>\n<meta property=\"og:title\" content=\"Erlebnistag Deutsche Weinstra\u00dfe am 25.08.2019 bei uns im Weingut &bull; Bioweingut Ehrhart\" \/>\n<meta property=\"og:description\" content=\"Am letzten August Sonntag wird die Weinstra\u00dfe f\u00fcr ca. 80 km f\u00fcr Autos und Motorr\u00e4der gesperrt und geh\u00f6rt an diesem Tag den Wanderern, Spazierg\u00e4ngern, Radfahrern und Inline-Skatern. Nat\u00fcrlich darf der Wein an solch einem Tag auch nicht fehlen. Daher haben wir unser Weingut f\u00fcr Sie an diesem Tag ab 11 Uhr ge\u00f6ffnet und bieten Ihnen [&hellip;]\" \/>\n<meta property=\"og:url\" content=\"https:\/\/weingut-ehrhart.de\/weinstrassentag_20190825\/\" \/>\n<meta property=\"og:site_name\" content=\"Bioweingut Ehrhart\" \/>\n<meta property=\"article:published_time\" content=\"2019-08-09T11:24:21+00:00\" \/>\n<meta property=\"article:modified_time\" content=\"2020-02-25T16:09:32+00:00\" \/>\n<meta property=\"og:image\" content=\"https:\/\/weingut-ehrhart.de\/wp-content\/uploads\/2019\/08\/Weingut-von-Au\u00dfen-1024x945.jpeg\" \/>\n\t<meta property=\"og:image:width\" content=\"1024\" \/>\n\t<meta property=\"og:image:height\" content=\"945\" \/>\n\t<meta property=\"og:image:type\" content=\"image\/jpeg\" \/>\n<meta name=\"author\" content=\"Weingut Ehrhart\" \/>\n<meta name=\"twitter:card\" content=\"summary_large_image\" \/>\n<meta name=\"twitter:label1\" content=\"Written by\" \/>\n\t<meta name=\"twitter:data1\" content=\"Weingut Ehrhart\" \/>\n\t<meta name=\"twitter:label2\" content=\"Est. reading time\" \/>\n\t<meta name=\"twitter:data2\" content=\"1 minute\" \/>\n<script type=\"application\/ld+json\" class=\"yoast-schema-graph\">{\"@context\":\"https:\/\/schema.org\",\"@graph\":[{\"@type\":\"WebPage\",\"@id\":\"https:\/\/weingut-ehrhart.de\/weinstrassentag_20190825\/\",\"url\":\"https:\/\/weingut-ehrhart.de\/weinstrassentag_20190825\/\",\"name\":\"Erlebnistag Deutsche Weinstra\u00dfe am 25.08.2019 bei uns im Weingut &bull; Bioweingut Ehrhart\",\"isPartOf\":{\"@id\":\"https:\/\/weingut-ehrhart.de\/#website\"},\"datePublished\":\"2019-08-09T11:24:21+00:00\",\"dateModified\":\"2020-02-25T16:09:32+00:00\",\"author\":{\"@id\":\"https:\/\/weingut-ehrhart.de\/#\/schema\/person\/7345bf038cef42fbe2087599fba77d77\"},\"breadcrumb\":{\"@id\":\"https:\/\/weingut-ehrhart.de\/weinstrassentag_20190825\/#breadcrumb\"},\"inLanguage\":\"en-US\",\"potentialAction\":[{\"@type\":\"ReadAction\",\"target\":[\"https:\/\/weingut-ehrhart.de\/weinstrassentag_20190825\/\"]}]},{\"@type\":\"BreadcrumbList\",\"@id\":\"https:\/\/weingut-ehrhart.de\/weinstrassentag_20190825\/#breadcrumb\",\"itemListElement\":[{\"@type\":\"ListItem\",\"position\":1,\"name\":\"Startseite\",\"item\":\"https:\/\/weingut-ehrhart.de\/en\/\"},{\"@type\":\"ListItem\",\"position\":2,\"name\":\"Erlebnistag Deutsche Weinstra\u00dfe am 25.08.2019 bei uns im Weingut\"}]},{\"@type\":\"WebSite\",\"@id\":\"https:\/\/weingut-ehrhart.de\/#website\",\"url\":\"https:\/\/weingut-ehrhart.de\/\",\"name\":\"Bioweingut Ehrhart\",\"description\":\"\",\"potentialAction\":[{\"@type\":\"SearchAction\",\"target\":{\"@type\":\"EntryPoint\",\"urlTemplate\":\"https:\/\/weingut-ehrhart.de\/?s={search_term_string}\"},\"query-input\":\"required name=search_term_string\"}],\"inLanguage\":\"en-US\"},{\"@type\":\"Person\",\"@id\":\"https:\/\/weingut-ehrhart.de\/#\/schema\/person\/7345bf038cef42fbe2087599fba77d77\",\"name\":\"Weingut Ehrhart\",\"image\":{\"@type\":\"ImageObject\",\"inLanguage\":\"en-US\",\"@id\":\"https:\/\/weingut-ehrhart.de\/#\/schema\/person\/image\/\",\"url\":\"https:\/\/secure.gravatar.com\/avatar\/17a3ee02f2dca8b5c9b082409737ef6d?s=96&d=mm&r=g\",\"contentUrl\":\"https:\/\/secure.gravatar.com\/avatar\/17a3ee02f2dca8b5c9b082409737ef6d?s=96&d=mm&r=g\",\"caption\":\"Weingut Ehrhart\"},\"url\":\"https:\/\/weingut-ehrhart.de\/en\/author\/ehrhart\/\"}]}<\/script>\n<!-- \/ Yoast SEO plugin. -->","yoast_head_json":{"title":"Erlebnistag Deutsche Weinstra\u00dfe am 25.08.2019 bei uns im Weingut &bull; Bioweingut Ehrhart","robots":{"index":"index","follow":"follow","max-snippet":"max-snippet:-1","max-image-preview":"max-image-preview:large","max-video-preview":"max-video-preview:-1"},"canonical":"https:\/\/weingut-ehrhart.de\/weinstrassentag_20190825\/","og_locale":"en_US","og_type":"article","og_title":"Erlebnistag Deutsche Weinstra\u00dfe am 25.08.2019 bei uns im Weingut &bull; Bioweingut Ehrhart","og_description":"Am letzten August Sonntag wird die Weinstra\u00dfe f\u00fcr ca. 80 km f\u00fcr Autos und Motorr\u00e4der gesperrt und geh\u00f6rt an diesem Tag den Wanderern, Spazierg\u00e4ngern, Radfahrern und Inline-Skatern. Nat\u00fcrlich darf der Wein an solch einem Tag auch nicht fehlen. Daher haben wir unser Weingut f\u00fcr Sie an diesem Tag ab 11 Uhr ge\u00f6ffnet und bieten Ihnen [&hellip;]","og_url":"https:\/\/weingut-ehrhart.de\/weinstrassentag_20190825\/","og_site_name":"Bioweingut Ehrhart","article_published_time":"2019-08-09T11:24:21+00:00","article_modified_time":"2020-02-25T16:09:32+00:00","og_image":[{"width":1024,"height":945,"url":"https:\/\/weingut-ehrhart.de\/wp-content\/uploads\/2019\/08\/Weingut-von-Au\u00dfen-1024x945.jpeg","type":"image\/jpeg"}],"author":"Weingut Ehrhart","twitter_card":"summary_large_image","twitter_misc":{"Written by":"Weingut Ehrhart","Est. reading time":"1 minute"},"schema":{"@context":"https:\/\/schema.org","@graph":[{"@type":"WebPage","@id":"https:\/\/weingut-ehrhart.de\/weinstrassentag_20190825\/","url":"https:\/\/weingut-ehrhart.de\/weinstrassentag_20190825\/","name":"Erlebnistag Deutsche Weinstra\u00dfe am 25.08.2019 bei uns im Weingut &bull; Bioweingut Ehrhart","isPartOf":{"@id":"https:\/\/weingut-ehrhart.de\/#website"},"datePublished":"2019-08-09T11:24:21+00:00","dateModified":"2020-02-25T16:09:32+00:00","author":{"@id":"https:\/\/weingut-ehrhart.de\/#\/schema\/person\/7345bf038cef42fbe2087599fba77d77"},"breadcrumb":{"@id":"https:\/\/weingut-ehrhart.de\/weinstrassentag_20190825\/#breadcrumb"},"inLanguage":"en-US","potentialAction":[{"@type":"ReadAction","target":["https:\/\/weingut-ehrhart.de\/weinstrassentag_20190825\/"]}]},{"@type":"BreadcrumbList","@id":"https:\/\/weingut-ehrhart.de\/weinstrassentag_20190825\/#breadcrumb","itemListElement":[{"@type":"ListItem","position":1,"name":"Startseite","item":"https:\/\/weingut-ehrhart.de\/en\/"},{"@type":"ListItem","position":2,"name":"Erlebnistag Deutsche Weinstra\u00dfe am 25.08.2019 bei uns im Weingut"}]},{"@type":"WebSite","@id":"https:\/\/weingut-ehrhart.de\/#website","url":"https:\/\/weingut-ehrhart.de\/","name":"Bioweingut Ehrhart","description":"","potentialAction":[{"@type":"SearchAction","target":{"@type":"EntryPoint","urlTemplate":"https:\/\/weingut-ehrhart.de\/?s={search_term_string}"},"query-input":"required name=search_term_string"}],"inLanguage":"en-US"},{"@type":"Person","@id":"https:\/\/weingut-ehrhart.de\/#\/schema\/person\/7345bf038cef42fbe2087599fba77d77","name":"Weingut Ehrhart","image":{"@type":"ImageObject","inLanguage":"en-US","@id":"https:\/\/weingut-ehrhart.de\/#\/schema\/person\/image\/","url":"https:\/\/secure.gravatar.com\/avatar\/17a3ee02f2dca8b5c9b082409737ef6d?s=96&d=mm&r=g","contentUrl":"https:\/\/secure.gravatar.com\/avatar\/17a3ee02f2dca8b5c9b082409737ef6d?s=96&d=mm&r=g","caption":"Weingut Ehrhart"},"url":"https:\/\/weingut-ehrhart.de\/en\/author\/ehrhart\/"}]}},"_links":{"self":[{"href":"https:\/\/weingut-ehrhart.de\/en\/wp-json\/wp\/v2\/posts\/1897"}],"collection":[{"href":"https:\/\/weingut-ehrhart.de\/en\/wp-json\/wp\/v2\/posts"}],"about":[{"href":"https:\/\/weingut-ehrhart.de\/en\/wp-json\/wp\/v2\/types\/post"}],"author":[{"embeddable":true,"href":"https:\/\/weingut-ehrhart.de\/en\/wp-json\/wp\/v2\/users\/6"}],"replies":[{"embeddable":true,"href":"https:\/\/weingut-ehrhart.de\/en\/wp-json\/wp\/v2\/comments?post=1897"}],"version-history":[{"count":4,"href":"https:\/\/weingut-ehrhart.de\/en\/wp-json\/wp\/v2\/posts\/1897\/revisions"}],"predecessor-version":[{"id":1903,"href":"https:\/\/weingut-ehrhart.de\/en\/wp-json\/wp\/v2\/posts\/1897\/revisions\/1903"}],"wp:featuredmedia":[{"embeddable":true,"href":"https:\/\/weingut-ehrhart.de\/en\/wp-json\/wp\/v2\/media\/1900"}],"wp:attachment":[{"href":"https:\/\/weingut-ehrhart.de\/en\/wp-json\/wp\/v2\/media?parent=1897"}],"wp:term":[{"taxonomy":"category","embeddable":true,"href":"https:\/\/weingut-ehrhart.de\/en\/wp-json\/wp\/v2\/categories?post=1897"},{"taxonomy":"post_tag","embeddable":true,"href":"https:\/\/weingut-ehrhart.de\/en\/wp-json\/wp\/v2\/tags?post=1897"}],"curies":[{"name":"wp","href":"https:\/\/api.w.org\/{rel}","templated":true}]}}